{"id":7091,"date":"2021-05-22T00:03:18","date_gmt":"2021-05-21T22:03:18","guid":{"rendered":"http:\/\/www.opticaclaudio.ch\/?p=7091"},"modified":"2026-04-25T23:09:15","modified_gmt":"2026-04-25T21:09:15","slug":"brillen-mythen-was-steckt-dahinter","status":"publish","type":"post","link":"https:\/\/opticaclaudio.ch\/index.php\/2021\/05\/22\/brillen-mythen-was-steckt-dahinter\/","title":{"rendered":"Brillen Mythen: Was steckt dahinter?"},"content":{"rendered":"<div class=\" \">\n<p>Die Ursachen hierf\u00fcr reichen von Kurzsichtigkeit \u00fcber Weitsichtigkeit bis hin zur Alterssichtigkeit. Weitere Gr\u00fcnde k\u00f6nnen Nachtblindheit oder eine Rot-Gr\u00fcn-Schw\u00e4che darstellen.<\/p>\n<p>Trotz der mittlerweile etlichen Brillentr\u00e4gerinnen und Brillentr\u00e4ger besteht bzgl. <strong>Sehhilfen<\/strong> noch viel Aufkl\u00e4rungsbedarf \u2014 gerade wenn man die anhaltenden Mythen und Irrt\u00fcmer rund um die Brille ber\u00fccksichtigt.<\/p>\n<\/div>\n<div class=\"additionalContent mt-7\">\n<div class=\"row mb-5\">\n<div class=\"col-12\">\n<h2>Mythos Nummer 1: \u00dcberwiegend \u00e4ltere Menschen sind auf Brillen angewiesen<\/h2>\n<p>Tats\u00e4chlich tragen \u00e4ltere Menschen h\u00e4ufiger <strong>Brillen <\/strong>als j\u00fcngere Leute. Grund daf\u00fcr bildet die verbreitete Alterssichtigkeit, welche die meisten von uns fr\u00fcher oder sp\u00e4ter betrifft. Was jedoch nicht zutrifft ist, dass die Entwicklung einer Fehlsichtigkeit zwingend mit dem Alter zusammenh\u00e4ngt. Im Gegenteil: Bereits Babies k\u00f6nnen fehlsichtig sein.<\/p>\n<\/div>\n<\/div>\n<div class=\"row mb-5\">\n<div class=\"col-12\">\n<h2>Mythos Nummer 2: Lesen im Dunkeln schadet unseren Augen<\/h2>\n<p>Gerade diesen Mythos mussten wir uns als Kinder h\u00e4ufig anh\u00f6ren. Auch heute gehen viele davon aus, dass all jene, die beim Lesen keine ausreichende Lichtquelle haben, irgendwann eine Brille ben\u00f6tigen.<\/p>\n<p>Trotz allem ist die Annahme falsch. Wenig Licht beim Lesen verursacht n\u00e4mlich lediglich, dass unsere <a href=\"https:\/\/www.dynoptic.ch\/de\/wissen\/das-auge\/index.php\" rel=\"nofollow noopener\" target=\"_blank\">Augen<\/a> sich w\u00e4hrenddessen mehr anstrengen m\u00fcssen. In Konsequenz erfolgt eine Strapazierung und schnelle Erm\u00fcdung der Sehorgane. Gute Lichtverh\u00e4ltnisse beim Lesen zu gew\u00e4hrleisten ist trotz allem empfehlenswert, damit die Augen in entspanntem Zustand B\u00fccher, Zeitschriften, Artikel, etc. verschlingen k\u00f6nnen.<\/p>\n<\/div>\n<\/div>\n<div class=\"row mb-5\">\n<div class=\"col-12\">\n<h2>Mythos Nummer 3: Brillen tragen macht die Augen faul<\/h2>\n<p>Machen Leute, welche <strong>Brillen<\/strong> andauernd tragen, die eigenen Augen faul? Die Antwort lautet: Nein.<br \/>\nViel eher trifft das Gegenteil zu. Wer trotz einer Sehschw\u00e4che auf eine <strong>Sehhilfe<\/strong> verzichtet, \u00fcberfordert die Augen und beg\u00fcnstigt die Entwicklung der Fehlsichtigkeit zus\u00e4tzlich. Wer hingegen eine <strong>Brille<\/strong> tr\u00e4gt, verhindert oder verlangsamt diesen Prozess zumindest. Es ist infolgedessen ratsam, selbst sehr geringe Fehlsichtigkeiten mit Hilfe einer Brille zu korrigieren.<\/p>\n<\/div>\n<\/div>\n<div class=\"row mb-5\">\n<div class=\"col-12\">\n<h2>Mythos Nummer 4: Raucher haben h\u00e4ufiger Probleme mit den Augen als Nicht-Raucher<\/h2>\n<p>Hinter diesem Mythos steckt tats\u00e4chlich etwas Wahres. Rauchen steigert nicht nur das Risiko von Herz- und Lungenkrankheiten, sondern kann auch zu altersbedingter Makuladegeneration f\u00fchren. Bei dieser handelt es sich um eine Netzhautabl\u00f6sung, die nicht zuletzt in einer Erblindung enden kann. Dar\u00fcber hinaus werden durch Nikotinsucht auch der Graue Star und die Verkalkung kleiner Gef\u00e4sse im Auge beg\u00fcnstigt.<\/p>\n<p>Wer sich das Rauchen erst gar nicht zur Gewohnheit macht, tut somit allen Organen einen grossen Gefallen.<\/p>\n<\/div>\n<\/div>\n<div class=\"row mb-5\">\n<div class=\"col-12\">\n<p>&nbsp;<\/p>\n<\/div>\n<\/div>\n<\/div>\n","protected":false},"excerpt":{"rendered":"<p>Die Ursachen hierf\u00fcr reichen von Kurzsichtigkeit \u00fcber Weitsichtigkeit bis hin zur Alterssichtigkeit. Weitere Gr\u00fcnde k\u00f6nnen Nachtblindheit oder eine Rot-Gr\u00fcn-Schw\u00e4che darstellen. Trotz der mittlerweile etlichen Brillentr\u00e4gerinnen und Brillentr\u00e4ger besteht bzgl. Sehhilfen noch viel Aufkl\u00e4rungsbedarf \u2014 gerade wenn man die anhaltenden Mythen und Irrt\u00fcmer rund um die Brille ber\u00fccksichtigt. Mythos Nummer 1: \u00dcberwiegend \u00e4ltere Menschen sind auf<\/p>\n","protected":false},"author":1,"featured_media":66240,"comment_status":"open","ping_status":"open","sticky":false,"template":"","format":"standard","meta":{"footnotes":""},"categories":[19],"tags":[],"class_list":["post-7091","post","type-post","status-publish","format-standard","has-post-thumbnail","hentry","category-korrekturbrille","prodpage-style2"],"_links":{"self":[{"href":"https:\/\/opticaclaudio.ch\/index.php\/wp-json\/wp\/v2\/posts\/7091","targetHints":{"allow":["GET"]}}],"collection":[{"href":"https:\/\/opticaclaudio.ch\/index.php\/wp-json\/wp\/v2\/posts"}],"about":[{"href":"https:\/\/opticaclaudio.ch\/index.php\/wp-json\/wp\/v2\/types\/post"}],"author":[{"embeddable":true,"href":"https:\/\/opticaclaudio.ch\/index.php\/wp-json\/wp\/v2\/users\/1"}],"replies":[{"embeddable":true,"href":"https:\/\/opticaclaudio.ch\/index.php\/wp-json\/wp\/v2\/comments?post=7091"}],"version-history":[{"count":1,"href":"https:\/\/opticaclaudio.ch\/index.php\/wp-json\/wp\/v2\/posts\/7091\/revisions"}],"predecessor-version":[{"id":66326,"href":"https:\/\/opticaclaudio.ch\/index.php\/wp-json\/wp\/v2\/posts\/7091\/revisions\/66326"}],"wp:featuredmedia":[{"embeddable":true,"href":"https:\/\/opticaclaudio.ch\/index.php\/wp-json\/wp\/v2\/media\/66240"}],"wp:attachment":[{"href":"https:\/\/opticaclaudio.ch\/index.php\/wp-json\/wp\/v2\/media?parent=7091"}],"wp:term":[{"taxonomy":"category","embeddable":true,"href":"https:\/\/opticaclaudio.ch\/index.php\/wp-json\/wp\/v2\/categories?post=7091"},{"taxonomy":"post_tag","embeddable":true,"href":"https:\/\/opticaclaudio.ch\/index.php\/wp-json\/wp\/v2\/tags?post=7091"}],"curies":[{"name":"wp","href":"https:\/\/api.w.org\/{rel}","templated":true}]}}